{"id":985,"date":"2024-02-01T15:02:04","date_gmt":"2024-02-01T15:02:04","guid":{"rendered":"https:\/\/econtent.pedis.uop.gr\/jmc-eupf-wb\/?p=985"},"modified":"2024-04-17T14:24:53","modified_gmt":"2024-04-17T14:24:53","slug":"the-eu-as-a-geopolitical-actor-in-the-western-balkans-an-assessment-12-february-2024-1800-cet-professor-zdravko-grebo-center-for-interdisciplinary-studies-university-of-sarajevo","status":"publish","type":"post","link":"https:\/\/econtent.pedis.uop.gr\/jmc-eupf-wb\/index.php\/2024\/02\/01\/the-eu-as-a-geopolitical-actor-in-the-western-balkans-an-assessment-12-february-2024-1800-cet-professor-zdravko-grebo-center-for-interdisciplinary-studies-university-of-sarajevo\/","title":{"rendered":"The EU as a Geopolitical Actor in the Western Balkans: An Assessment, 12 February 2024 (18:00 CET), Professor Zdravko Grebo Center for Interdisciplinary Studies, University of Sarajevo"},"content":{"rendered":"\n<figure class=\"wp-block-image size-large is-resized\"><img loading=\"lazy\" decoding=\"async\" width=\"1024\" height=\"577\" src=\"https:\/\/econtent.pedis.uop.gr\/jmc-eupf-wb\/wp-content\/uploads\/2024\/02\/veliki-baner-PANEL-DISCUSSION-THE-EU-AS-A-GEOPOLITICAL-ACTOR-IN-THE-WESTERN-BALKANS-AN-ASSESSMENT-1024x577.png\" alt=\"\" class=\"wp-image-986\" style=\"width:841px;height:auto\" srcset=\"https:\/\/econtent.pedis.uop.gr\/jmc-eupf-wb\/wp-content\/uploads\/2024\/02\/veliki-baner-PANEL-DISCUSSION-THE-EU-AS-A-GEOPOLITICAL-ACTOR-IN-THE-WESTERN-BALKANS-AN-ASSESSMENT-1024x577.png 1024w, https:\/\/econtent.pedis.uop.gr\/jmc-eupf-wb\/wp-content\/uploads\/2024\/02\/veliki-baner-PANEL-DISCUSSION-THE-EU-AS-A-GEOPOLITICAL-ACTOR-IN-THE-WESTERN-BALKANS-AN-ASSESSMENT-300x169.png 300w, https:\/\/econtent.pedis.uop.gr\/jmc-eupf-wb\/wp-content\/uploads\/2024\/02\/veliki-baner-PANEL-DISCUSSION-THE-EU-AS-A-GEOPOLITICAL-ACTOR-IN-THE-WESTERN-BALKANS-AN-ASSESSMENT-768x433.png 768w, https:\/\/econtent.pedis.uop.gr\/jmc-eupf-wb\/wp-content\/uploads\/2024\/02\/veliki-baner-PANEL-DISCUSSION-THE-EU-AS-A-GEOPOLITICAL-ACTOR-IN-THE-WESTERN-BALKANS-AN-ASSESSMENT-1536x865.png 1536w, https:\/\/econtent.pedis.uop.gr\/jmc-eupf-wb\/wp-content\/uploads\/2024\/02\/veliki-baner-PANEL-DISCUSSION-THE-EU-AS-A-GEOPOLITICAL-ACTOR-IN-THE-WESTERN-BALKANS-AN-ASSESSMENT.png 1640w\" sizes=\"auto, (max-width: 1024px) 100vw, 1024px\" \/><\/figure>\n\n\n\n<div style=\"height:41px\" aria-hidden=\"true\" class=\"wp-block-spacer\"><\/div>\n\n\n\n<p>The Jean Monnet Chair in EU Foreign Policy and the Western Balkans (University of the Peloponnese), and the European Regional Master in Democracy and Human Rights in SEE (University of Sarajevo and the University of Bologna) co-organized a panel discussion: <\/p>\n\n\n\n<p><strong>\u201cThe EU as a Geopolitical Actor in the Western Balkans: An Assessment\u201d<\/strong>. <\/p>\n\n\n\n<p>The event took place on <strong>Monday, February 12, from 18-19:30h, at the Professor Zdravko Grebo Center for Interdisciplinary Studies of the University of Sarajevo (<a href=\"https:\/\/maps.app.goo.gl\/9JYp6nQnZkvwLa556\">location<\/a>).<\/strong><\/p>\n\n\n\n<p>The panel featured the following speakers:<\/p>\n\n\n\n<ul class=\"wp-block-list\">\n<li>Prof. <strong>Ned\u017ema D\u017eananovi\u0107-Mira\u0161\u010dija<\/strong>, Faculty of Political Science, University of Sarajevo<\/li>\n\n\n\n<li><strong>Kurt Bassuener<\/strong>, PhD, Senior Associate, Democratization Policy Council<\/li>\n\n\n\n<li><strong>Valery Perry<\/strong>, PhD, Senior Associate, Democratization Policy Council<\/li>\n\n\n\n<li><strong>Leila Bi\u010dak\u010di\u0107<\/strong>, Executive Director, Center for Investigative Reporting<\/li>\n<\/ul>\n\n\n\n<p>The discussion was moderated by Prof. <strong>Nikolaos Tzifakis<\/strong>, Jean Monnet Chair in EU Foreign Policy and the Western Balkans, University of the Peloponnese.<\/p>\n\n\n\n<div class=\"wp-block-columns is-layout-flex wp-container-core-columns-is-layout-9d6595d7 wp-block-columns-is-layout-flex\">\n<div class=\"wp-block-column is-layout-flow wp-block-column-is-layout-flow\" style=\"flex-basis:50%\">\n<figure class=\"wp-block-image size-large\"><img loading=\"lazy\" decoding=\"async\" width=\"1024\" height=\"768\" src=\"https:\/\/econtent.pedis.uop.gr\/jmc-eupf-wb\/wp-content\/uploads\/2024\/03\/IMG_20240213_121952_280-1024x768.webp\" alt=\"\" class=\"wp-image-1005\" srcset=\"https:\/\/econtent.pedis.uop.gr\/jmc-eupf-wb\/wp-content\/uploads\/2024\/03\/IMG_20240213_121952_280-1024x768.webp 1024w, https:\/\/econtent.pedis.uop.gr\/jmc-eupf-wb\/wp-content\/uploads\/2024\/03\/IMG_20240213_121952_280-300x225.webp 300w, https:\/\/econtent.pedis.uop.gr\/jmc-eupf-wb\/wp-content\/uploads\/2024\/03\/IMG_20240213_121952_280-768x576.webp 768w, https:\/\/econtent.pedis.uop.gr\/jmc-eupf-wb\/wp-content\/uploads\/2024\/03\/IMG_20240213_121952_280.webp 1440w\" sizes=\"auto, (max-width: 1024px) 100vw, 1024px\" \/><\/figure>\n<\/div>\n\n\n\n<div class=\"wp-block-column is-layout-flow wp-block-column-is-layout-flow\" style=\"flex-basis:50%\">\n<figure class=\"wp-block-image size-large\"><img loading=\"lazy\" decoding=\"async\" width=\"1024\" height=\"768\" src=\"https:\/\/econtent.pedis.uop.gr\/jmc-eupf-wb\/wp-content\/uploads\/2024\/03\/received_416513450750919-1024x768.jpeg\" alt=\"\" class=\"wp-image-1008\" srcset=\"https:\/\/econtent.pedis.uop.gr\/jmc-eupf-wb\/wp-content\/uploads\/2024\/03\/received_416513450750919-1024x768.jpeg 1024w, https:\/\/econtent.pedis.uop.gr\/jmc-eupf-wb\/wp-content\/uploads\/2024\/03\/received_416513450750919-300x225.jpeg 300w, https:\/\/econtent.pedis.uop.gr\/jmc-eupf-wb\/wp-content\/uploads\/2024\/03\/received_416513450750919-768x576.jpeg 768w, https:\/\/econtent.pedis.uop.gr\/jmc-eupf-wb\/wp-content\/uploads\/2024\/03\/received_416513450750919-1536x1152.jpeg 1536w, https:\/\/econtent.pedis.uop.gr\/jmc-eupf-wb\/wp-content\/uploads\/2024\/03\/received_416513450750919.jpeg 2000w\" sizes=\"auto, (max-width: 1024px) 100vw, 1024px\" \/><\/figure>\n<\/div>\n<\/div>\n\n\n\n<p>The event was attended by a vivid audience, consisting of international and local public officers, academics, and postgraduate students.<\/p>\n\n\n\n<div class=\"wp-block-columns is-layout-flex wp-container-core-columns-is-layout-9d6595d7 wp-block-columns-is-layout-flex\">\n<div class=\"wp-block-column is-layout-flow wp-block-column-is-layout-flow\" style=\"flex-basis:50%\">\n<figure class=\"wp-block-image size-large is-resized\"><img loading=\"lazy\" decoding=\"async\" width=\"1024\" height=\"768\" src=\"https:\/\/econtent.pedis.uop.gr\/jmc-eupf-wb\/wp-content\/uploads\/2024\/03\/IMG_20240213_121952_553-1024x768.webp\" alt=\"\" class=\"wp-image-1006\" style=\"width:371px;height:auto\" srcset=\"https:\/\/econtent.pedis.uop.gr\/jmc-eupf-wb\/wp-content\/uploads\/2024\/03\/IMG_20240213_121952_553-1024x768.webp 1024w, https:\/\/econtent.pedis.uop.gr\/jmc-eupf-wb\/wp-content\/uploads\/2024\/03\/IMG_20240213_121952_553-300x225.webp 300w, https:\/\/econtent.pedis.uop.gr\/jmc-eupf-wb\/wp-content\/uploads\/2024\/03\/IMG_20240213_121952_553-768x576.webp 768w, https:\/\/econtent.pedis.uop.gr\/jmc-eupf-wb\/wp-content\/uploads\/2024\/03\/IMG_20240213_121952_553.webp 1440w\" sizes=\"auto, (max-width: 1024px) 100vw, 1024px\" \/><\/figure>\n<\/div>\n\n\n\n<div class=\"wp-block-column is-layout-flow wp-block-column-is-layout-flow\" style=\"flex-basis:50%\">\n<figure class=\"wp-block-image size-large is-resized\"><img loading=\"lazy\" decoding=\"async\" width=\"768\" height=\"1024\" src=\"https:\/\/econtent.pedis.uop.gr\/jmc-eupf-wb\/wp-content\/uploads\/2024\/03\/received_1116291462961035-768x1024.jpeg\" alt=\"\" class=\"wp-image-1007\" style=\"aspect-ratio:1.3333333333333333;object-fit:cover;width:373px;height:auto\" srcset=\"https:\/\/econtent.pedis.uop.gr\/jmc-eupf-wb\/wp-content\/uploads\/2024\/03\/received_1116291462961035-768x1024.jpeg 768w, https:\/\/econtent.pedis.uop.gr\/jmc-eupf-wb\/wp-content\/uploads\/2024\/03\/received_1116291462961035-225x300.jpeg 225w, https:\/\/econtent.pedis.uop.gr\/jmc-eupf-wb\/wp-content\/uploads\/2024\/03\/received_1116291462961035-1152x1536.jpeg 1152w, https:\/\/econtent.pedis.uop.gr\/jmc-eupf-wb\/wp-content\/uploads\/2024\/03\/received_1116291462961035.jpeg 1500w\" sizes=\"auto, (max-width: 768px) 100vw, 768px\" \/><\/figure>\n<\/div>\n<\/div>\n\n\n\n<figure class=\"wp-block-image size-large\"><img loading=\"lazy\" decoding=\"async\" width=\"1024\" height=\"768\" src=\"https:\/\/econtent.pedis.uop.gr\/jmc-eupf-wb\/wp-content\/uploads\/2024\/04\/20240212_180344-1024x768.jpg\" alt=\"\" class=\"wp-image-1051\" srcset=\"https:\/\/econtent.pedis.uop.gr\/jmc-eupf-wb\/wp-content\/uploads\/2024\/04\/20240212_180344-1024x768.jpg 1024w, https:\/\/econtent.pedis.uop.gr\/jmc-eupf-wb\/wp-content\/uploads\/2024\/04\/20240212_180344-300x225.jpg 300w, https:\/\/econtent.pedis.uop.gr\/jmc-eupf-wb\/wp-content\/uploads\/2024\/04\/20240212_180344-768x576.jpg 768w, https:\/\/econtent.pedis.uop.gr\/jmc-eupf-wb\/wp-content\/uploads\/2024\/04\/20240212_180344-1536x1152.jpg 1536w, https:\/\/econtent.pedis.uop.gr\/jmc-eupf-wb\/wp-content\/uploads\/2024\/04\/20240212_180344-2048x1536.jpg 2048w\" sizes=\"auto, (max-width: 1024px) 100vw, 1024px\" \/><\/figure>\n\n\n\n<div style=\"height:40px\" aria-hidden=\"true\" class=\"wp-block-spacer\"><\/div>\n\n\n\n<p>The workshop&#8217;s agenda was the following:<\/p>\n\n\n\n<figure class=\"wp-block-image size-large is-resized\"><img loading=\"lazy\" decoding=\"async\" width=\"791\" height=\"1024\" src=\"https:\/\/econtent.pedis.uop.gr\/jmc-eupf-wb\/wp-content\/uploads\/2024\/04\/agenda-final-1-791x1024.png\" alt=\"\" class=\"wp-image-1048\" style=\"width:587px;height:auto\" srcset=\"https:\/\/econtent.pedis.uop.gr\/jmc-eupf-wb\/wp-content\/uploads\/2024\/04\/agenda-final-1-791x1024.png 791w, https:\/\/econtent.pedis.uop.gr\/jmc-eupf-wb\/wp-content\/uploads\/2024\/04\/agenda-final-1-232x300.png 232w, https:\/\/econtent.pedis.uop.gr\/jmc-eupf-wb\/wp-content\/uploads\/2024\/04\/agenda-final-1-768x994.png 768w, https:\/\/econtent.pedis.uop.gr\/jmc-eupf-wb\/wp-content\/uploads\/2024\/04\/agenda-final-1-1187x1536.png 1187w, https:\/\/econtent.pedis.uop.gr\/jmc-eupf-wb\/wp-content\/uploads\/2024\/04\/agenda-final-1.png 1275w\" sizes=\"auto, (max-width: 791px) 100vw, 791px\" \/><\/figure>\n","protected":false},"excerpt":{"rendered":"<p>The Jean Monnet Chair in EU Foreign Policy and the Western Balkans (University of the Peloponnese), and the European Regional Master in Democracy and Human Rights in SEE (University of Sarajevo and the University of Bologna) co-organized a panel discussion: \u201cThe EU as a Geopolitical Actor in the Western Balkans: [&hellip;]<\/p>\n","protected":false},"author":2,"featured_media":986,"comment_status":"open","ping_status":"open","sticky":false,"template":"","format":"standard","meta":{"footnotes":""},"categories":[1],"tags":[],"class_list":["post-985","post","type-post","status-publish","format-standard","has-post-thumbnail","hentry","category-uncategorized"],"_links":{"self":[{"href":"https:\/\/econtent.pedis.uop.gr\/jmc-eupf-wb\/index.php\/wp-json\/wp\/v2\/posts\/985","targetHints":{"allow":["GET"]}}],"collection":[{"href":"https:\/\/econtent.pedis.uop.gr\/jmc-eupf-wb\/index.php\/wp-json\/wp\/v2\/posts"}],"about":[{"href":"https:\/\/econtent.pedis.uop.gr\/jmc-eupf-wb\/index.php\/wp-json\/wp\/v2\/types\/post"}],"author":[{"embeddable":true,"href":"https:\/\/econtent.pedis.uop.gr\/jmc-eupf-wb\/index.php\/wp-json\/wp\/v2\/users\/2"}],"replies":[{"embeddable":true,"href":"https:\/\/econtent.pedis.uop.gr\/jmc-eupf-wb\/index.php\/wp-json\/wp\/v2\/comments?post=985"}],"version-history":[{"count":14,"href":"https:\/\/econtent.pedis.uop.gr\/jmc-eupf-wb\/index.php\/wp-json\/wp\/v2\/posts\/985\/revisions"}],"predecessor-version":[{"id":1054,"href":"https:\/\/econtent.pedis.uop.gr\/jmc-eupf-wb\/index.php\/wp-json\/wp\/v2\/posts\/985\/revisions\/1054"}],"wp:featuredmedia":[{"embeddable":true,"href":"https:\/\/econtent.pedis.uop.gr\/jmc-eupf-wb\/index.php\/wp-json\/wp\/v2\/media\/986"}],"wp:attachment":[{"href":"https:\/\/econtent.pedis.uop.gr\/jmc-eupf-wb\/index.php\/wp-json\/wp\/v2\/media?parent=985"}],"wp:term":[{"taxonomy":"category","embeddable":true,"href":"https:\/\/econtent.pedis.uop.gr\/jmc-eupf-wb\/index.php\/wp-json\/wp\/v2\/categories?post=985"},{"taxonomy":"post_tag","embeddable":true,"href":"https:\/\/econtent.pedis.uop.gr\/jmc-eupf-wb\/index.php\/wp-json\/wp\/v2\/tags?post=985"}],"curies":[{"name":"wp","href":"https:\/\/api.w.org\/{rel}","templated":true}]}}